{"id":4222,"date":"2015-12-07T17:17:18","date_gmt":"2015-12-07T16:17:18","guid":{"rendered":"http:\/\/www.jour-de-peche.com\/?p=4222"},"modified":"2022-10-18T10:40:48","modified_gmt":"2022-10-18T09:40:48","slug":"sandres-et-perches-au-lac-de-montbel-ariege","status":"publish","type":"post","link":"https:\/\/www.jour-de-peche.com\/en\/sandres-et-perches-au-lac-de-montbel-ariege\/","title":{"rendered":"Montbel, excellent!"},"content":{"rendered":"<div class=\"wpb-content-wrapper\"><p>[vc_row][vc_column][vc_column_text]<strong><em>Lac de Montbel, guidage p\u00eache aux leurres&#8230;<br \/>\n<\/em><\/strong><\/p>\n<hr \/>\n<h3 style=\"text-align: justify;\">D\u00e9partement de l&#8217;Ari\u00e8ge (09), samedi 5 d\u00e9cembre 2015<\/h3>\n<h3>Le jour des percid\u00e9s! Sandres, perches&#8230;<\/h3>\n<hr \/>\n<h4 style=\"text-align: justify;\"><em><strong>Avec Fabien et Ga\u00ebtan&#8230;<br \/>\n<\/strong><\/em><\/h4>\n<p>[\/vc_column_text][vc_column_text]<\/p>\n<p style=\"text-align: justify;\">7h15, nous sommes au bord du lac de Montbel. 7h30, nous nous mettons en route vers le premier poste. Exactement comme le mercredi avec Sylvain (<a title=\"peche-montbel-leurres\" href=\"https:\/\/www.jour-de-peche.com\/en\/lac-de-montbel-ariege-peche-en-verticale\/\" target=\"_blank\" rel=\"noopener\">lire le r\u00e9cit<\/a>), sur notre chemin nous rencontrons des nuages de poissons blancs en activit\u00e9 et nous stoppons net notre route. On p\u00eache sous le bateau un moment. Pas de touche. On essaie alors en lancer-ramener. Et voil\u00e0 que Ga\u00ebtan nous ferre le premier poisson de la journ\u00e9e, un joli sandre!<\/p>\n<p style=\"text-align: justify;\"><a href=\"http:\/\/www.jour-de-peche.com\/wp-content\/uploads\/2015\/12\/sandres-et-perches-lac-de-montbel-01.jpg\"><img fetchpriority=\"high\" decoding=\"async\" class=\"alignnone size-medium wp-image-4245\" src=\"http:\/\/www.jour-de-peche.com\/wp-content\/uploads\/2015\/12\/sandres-et-perches-lac-de-montbel-01-500x375.jpg\" alt=\"\" width=\"500\" height=\"375\" \/><\/a><\/p>\n<p style=\"text-align: justify;\">J&#8217;en profite pour essayer d&#8217;initier mes deux p\u00eacheurs \u00e0 la p\u00eache en lin\u00e9aire. Mais cette zone, int\u00e9ressante de bon matin, ne nous donne rien de plus.<\/p>\n<p style=\"text-align: justify;\">Les gars sont tout simplement heureux d&#8217;\u00eatre sur l&#8217;eau et \u00e7a se sent! C&#8217;est Fabien, en mode d\u00e9contract\u00e9 au second plan, qui a amen\u00e9 Ga\u00ebtan dans l&#8217;aventure.<\/p>\n<p style=\"text-align: justify;\"><a href=\"http:\/\/www.jour-de-peche.com\/wp-content\/uploads\/2015\/12\/sandres-et-perches-lac-de-montbel-02.jpg\"><img decoding=\"async\" class=\"alignnone size-medium wp-image-4247\" src=\"http:\/\/www.jour-de-peche.com\/wp-content\/uploads\/2015\/12\/sandres-et-perches-lac-de-montbel-02-500x375.jpg\" alt=\"\" width=\"500\" height=\"375\" \/><\/a><\/p>\n<p style=\"text-align: justify;\">On file sur un poste qui ne donne rien pendant un long moment. Ce n&#8217;est que vers 9h45 \u00e0 force de chercher un peu partout que nous trouvons finalement les poissons! Alors que les postes habituels sont d\u00e9serts, \u00e0 un moment donn\u00e9 on s&#8217;arr\u00eate sur un \u00e9cho assez modeste qui attire mon attention, au milieu de nulle part, sur un sol parfaitement plat&#8230; Ce ne fut pas ma d\u00e9cision la plus mauvaise de la journ\u00e9e, car \u00e0 partir de l\u00e0 le festival commen\u00e7ait!<\/p>\n<p style=\"text-align: justify;\">Il est 9h45, et c&#8217;est Ga\u00ebtan qui ouvre le bal avec une jolie perche. La p\u00eache \u00e7a procure des mont\u00e9es d&#8217;adr\u00e9naline assez forte, demandez-donc \u00e0 Ga\u00ebtan \u00e0 quoi ressemble ce genre de sensation&#8230; \ud83d\ude42<\/p>\n<p style=\"text-align: justify;\"><a href=\"http:\/\/www.jour-de-peche.com\/wp-content\/uploads\/2015\/12\/sandres-et-perches-lac-de-montbel-03.jpg\"><img decoding=\"async\" class=\"alignnone size-medium wp-image-4249\" src=\"http:\/\/www.jour-de-peche.com\/wp-content\/uploads\/2015\/12\/sandres-et-perches-lac-de-montbel-03-500x375.jpg\" alt=\"\" width=\"500\" height=\"375\" \/><\/a><\/p>\n<p style=\"text-align: justify;\">Dans la minute suivante, Fabien sort un poisson de la m\u00eame taille.<\/p>\n<p style=\"text-align: justify;\"><a href=\"http:\/\/www.jour-de-peche.com\/wp-content\/uploads\/2015\/12\/sandres-et-perches-lac-de-montbel-04.jpg\"><img loading=\"lazy\" decoding=\"async\" class=\"alignnone size-medium wp-image-4251\" src=\"http:\/\/www.jour-de-peche.com\/wp-content\/uploads\/2015\/12\/sandres-et-perches-lac-de-montbel-04-500x375.jpg\" alt=\"\" width=\"500\" height=\"375\" \/><\/a><\/p>\n<p style=\"text-align: justify;\">Dix minutes passent et c&#8217;est au tour de Fabien de prendre son premier sandre. C&#8217;est la seconde fois que j&#8217;ai le plaisir de guider Fabien, au mois de septembre nous \u00e9tions en mode &#8220;initiation mouche&#8221; et nous avions pass\u00e9 une excellente journ\u00e9e ensemble : (<a title=\"peche-mouche-tarn\" href=\"https:\/\/www.jour-de-peche.com\/en\/guide-peche-mouche-tarn-81\/\" target=\"_blank\" rel=\"noopener\">lire le r\u00e9cit mouche<\/a>).<\/p>\n<p style=\"text-align: justify;\"><a href=\"http:\/\/www.jour-de-peche.com\/wp-content\/uploads\/2015\/12\/sandres-et-perches-lac-de-montbel-05.jpg\"><img loading=\"lazy\" decoding=\"async\" class=\"alignnone size-medium wp-image-4253\" src=\"http:\/\/www.jour-de-peche.com\/wp-content\/uploads\/2015\/12\/sandres-et-perches-lac-de-montbel-05-500x375.jpg\" alt=\"\" width=\"500\" height=\"375\" \/><\/a><\/p>\n<p style=\"text-align: justify;\">Quelques minutes plus tard et Ga\u00ebtan ajoute une autre perche, la plus petite de celles photographi\u00e9es.<\/p>\n<p style=\"text-align: justify;\"><a href=\"http:\/\/www.jour-de-peche.com\/wp-content\/uploads\/2015\/12\/sandres-et-perches-lac-de-montbel-06.jpg\"><img loading=\"lazy\" decoding=\"async\" class=\" size-medium wp-image-4255 alignnone\" src=\"http:\/\/www.jour-de-peche.com\/wp-content\/uploads\/2015\/12\/sandres-et-perches-lac-de-montbel-06-500x375.jpg\" alt=\"\" width=\"500\" height=\"375\" \/><\/a><\/p>\n<p style=\"text-align: justify;\">Fabien, \u00e0 l&#8217;avant, \u00e9lectroniquement pris en sandwich. Il est 10h00 (photo prise en contre jour)&#8230;<\/p>\n<p style=\"text-align: justify;\"><a href=\"http:\/\/www.jour-de-peche.com\/wp-content\/uploads\/2015\/12\/sandres-et-perches-lac-de-montbel-07.jpg\"><img loading=\"lazy\" decoding=\"async\" class=\"alignnone size-medium wp-image-4257\" src=\"http:\/\/www.jour-de-peche.com\/wp-content\/uploads\/2015\/12\/sandres-et-perches-lac-de-montbel-07-500x375.jpg\" alt=\"\" width=\"500\" height=\"375\" \/><\/a><\/p>\n<p style=\"text-align: justify;\">Les touches ne manquent pas et les gars encha\u00eenent les poissons avec r\u00e9gularit\u00e9. Ici, Fabien avec une perche.<\/p>\n<p style=\"text-align: justify;\"><a href=\"http:\/\/www.jour-de-peche.com\/wp-content\/uploads\/2015\/12\/sandres-et-perches-lac-de-montbel-08.jpg\"><img loading=\"lazy\" decoding=\"async\" class=\"alignnone size-medium wp-image-4259\" src=\"http:\/\/www.jour-de-peche.com\/wp-content\/uploads\/2015\/12\/sandres-et-perches-lac-de-montbel-08-500x375.jpg\" alt=\"\" width=\"500\" height=\"375\" \/><\/a><\/p>\n<p style=\"text-align: justify;\">Puis Ga\u00ebtan&#8230;<\/p>\n<p style=\"text-align: justify;\"><a href=\"http:\/\/www.jour-de-peche.com\/wp-content\/uploads\/2015\/12\/sandres-et-perches-lac-de-montbel-09.jpg\"><img loading=\"lazy\" decoding=\"async\" class=\"alignnone size-medium wp-image-4261\" src=\"http:\/\/www.jour-de-peche.com\/wp-content\/uploads\/2015\/12\/sandres-et-perches-lac-de-montbel-09-500x375.jpg\" alt=\"\" width=\"500\" height=\"375\" \/><\/a><\/p>\n<p style=\"text-align: justify;\">Une bonne partie des perches leurr\u00e9es ce jour l\u00e0 sont calibr\u00e9es \u00e0 37 cm&#8230;<\/p>\n<p style=\"text-align: justify;\"><a href=\"http:\/\/www.jour-de-peche.com\/wp-content\/uploads\/2015\/12\/sandres-et-perches-lac-de-montbel-10.jpg\"><img loading=\"lazy\" decoding=\"async\" class=\"alignnone size-medium wp-image-4263\" src=\"http:\/\/www.jour-de-peche.com\/wp-content\/uploads\/2015\/12\/sandres-et-perches-lac-de-montbel-10-500x375.jpg\" alt=\"\" width=\"500\" height=\"375\" \/><\/a><\/p>\n<p style=\"text-align: justify;\">Et de temps en temps un sandre s&#8217;invite \u00e0 la f\u00eate&#8230;<\/p>\n<p style=\"text-align: justify;\"><a href=\"http:\/\/www.jour-de-peche.com\/wp-content\/uploads\/2015\/12\/sandres-et-perches-lac-de-montbel-11.jpg\"><img loading=\"lazy\" decoding=\"async\" class=\"alignnone size-medium wp-image-4265\" src=\"http:\/\/www.jour-de-peche.com\/wp-content\/uploads\/2015\/12\/sandres-et-perches-lac-de-montbel-11-500x375.jpg\" alt=\"\" width=\"500\" height=\"375\" \/><\/a><\/p>\n<p style=\"text-align: justify;\">Et, tant qu&#8217;\u00e0 faire, on profite d&#8217;une super belle journ\u00e9e, avec un soleil fabuleux. D\u00e9cembre dans le sud, moi j&#8217;adore.<\/p>\n<p style=\"text-align: justify;\"><a href=\"http:\/\/www.jour-de-peche.com\/wp-content\/uploads\/2015\/12\/sandres-et-perches-lac-de-montbel-12.jpg\"><img loading=\"lazy\" decoding=\"async\" class=\"alignnone size-medium wp-image-4267\" src=\"http:\/\/www.jour-de-peche.com\/wp-content\/uploads\/2015\/12\/sandres-et-perches-lac-de-montbel-12-500x375.jpg\" alt=\"sandres-et-perches-lac-de-montbel-12\" width=\"500\" height=\"375\" \/><\/a><\/p>\n<p style=\"text-align: justify;\">Et la valse de percid\u00e9s continue, avec de bien jolis poissons.<\/p>\n<p style=\"text-align: justify;\"><a href=\"http:\/\/www.jour-de-peche.com\/wp-content\/uploads\/2015\/12\/sandres-et-perches-lac-de-montbel-13.jpg\"><img loading=\"lazy\" decoding=\"async\" class=\"alignnone size-medium wp-image-4269\" src=\"http:\/\/www.jour-de-peche.com\/wp-content\/uploads\/2015\/12\/sandres-et-perches-lac-de-montbel-13-500x375.jpg\" alt=\"\" width=\"500\" height=\"375\" \/><\/a><\/p>\n<p style=\"text-align: justify;\">A nouveau un sandre pour Ga\u00ebtan.<\/p>\n<p style=\"text-align: justify;\"><a href=\"http:\/\/www.jour-de-peche.com\/wp-content\/uploads\/2015\/12\/sandres-et-perches-lac-de-montbel-14.jpg\"><img loading=\"lazy\" decoding=\"async\" class=\"alignnone size-medium wp-image-4271\" src=\"http:\/\/www.jour-de-peche.com\/wp-content\/uploads\/2015\/12\/sandres-et-perches-lac-de-montbel-14-500x375.jpg\" alt=\"\" width=\"500\" height=\"375\" \/><\/a><\/p>\n<p style=\"text-align: justify;\">Les gars m&#8217;autorisent \u00e0 prendre un poisson&#8230; \ud83d\ude42 En verticale.<\/p>\n<p style=\"text-align: justify;\"><a href=\"http:\/\/www.jour-de-peche.com\/wp-content\/uploads\/2015\/12\/sandres-et-perches-lac-de-montbel-15.jpg\"><img loading=\"lazy\" decoding=\"async\" class=\"alignnone size-medium wp-image-4273\" src=\"http:\/\/www.jour-de-peche.com\/wp-content\/uploads\/2015\/12\/sandres-et-perches-lac-de-montbel-15-500x375.jpg\" alt=\"\" width=\"500\" height=\"375\" \/><\/a><\/p>\n<p style=\"text-align: justify;\">Fabien \u00e0 nouveau&#8230;<\/p>\n<p style=\"text-align: justify;\"><a href=\"http:\/\/www.jour-de-peche.com\/wp-content\/uploads\/2015\/12\/sandres-et-perches-lac-de-montbel-16.jpg\"><img loading=\"lazy\" decoding=\"async\" class=\"alignnone size-medium wp-image-4275\" src=\"http:\/\/www.jour-de-peche.com\/wp-content\/uploads\/2015\/12\/sandres-et-perches-lac-de-montbel-16-500x375.jpg\" alt=\"\" width=\"500\" height=\"375\" \/><\/a><\/p>\n<p style=\"text-align: justify;\">Encore et encore&#8230;<\/p>\n<p style=\"text-align: justify;\"><a href=\"http:\/\/www.jour-de-peche.com\/wp-content\/uploads\/2015\/12\/sandres-et-perches-lac-de-montbel-17.jpg\"><img loading=\"lazy\" decoding=\"async\" class=\"alignnone size-medium wp-image-4277\" src=\"http:\/\/www.jour-de-peche.com\/wp-content\/uploads\/2015\/12\/sandres-et-perches-lac-de-montbel-17-500x375.jpg\" alt=\"\" width=\"500\" height=\"375\" \/><\/a><\/p>\n<p style=\"text-align: justify;\">Rien ne les arr\u00eate&#8230;<\/p>\n<p style=\"text-align: justify;\"><a href=\"http:\/\/www.jour-de-peche.com\/wp-content\/uploads\/2015\/12\/sandres-et-perches-lac-de-montbel-18.jpg\"><img loading=\"lazy\" decoding=\"async\" class=\"alignnone size-medium wp-image-4279\" src=\"http:\/\/www.jour-de-peche.com\/wp-content\/uploads\/2015\/12\/sandres-et-perches-lac-de-montbel-18-500x375.jpg\" alt=\"\" width=\"500\" height=\"375\" \/><\/a><\/p>\n<p style=\"text-align: justify;\">Si bien qu&#8217;\u00e0 13h00, on a d\u00e9j\u00e0 fait l&#8217;essentiel de la p\u00eache, avec 17 poissons!<\/p>\n<p style=\"text-align: justify;\"><a href=\"http:\/\/www.jour-de-peche.com\/wp-content\/uploads\/2015\/12\/sandres-et-perches-lac-de-montbel-19.jpg\"><img loading=\"lazy\" decoding=\"async\" class=\"alignnone size-medium wp-image-4281\" src=\"http:\/\/www.jour-de-peche.com\/wp-content\/uploads\/2015\/12\/sandres-et-perches-lac-de-montbel-19-500x375.jpg\" alt=\"\" width=\"500\" height=\"375\" \/><\/a><\/p>\n<p style=\"text-align: justify;\">Mais, n\u00e9cessairement, \u00e0 un moment donn\u00e9 \u00e7a finit par se calmer, alors on en profite pour s&#8217;octroyer une bonne pause casse-cro\u00fbte, avec tout ce qu&#8217;il faut dans un pique-nique de p\u00eacheur. Puis on s&#8217;y remet pour voir si les poissons sont toujours joueurs&#8230; Ga\u00ebtan, sous sa capuche, qui a dormi 4 heures la nuit pass\u00e9e, commence \u00e0 accuser le coup, mais reste tout de m\u00eame bien concentr\u00e9.<\/p>\n<p style=\"text-align: justify;\"><a href=\"http:\/\/www.jour-de-peche.com\/wp-content\/uploads\/2015\/12\/sandres-et-perches-lac-de-montbel-20.jpg\"><img loading=\"lazy\" decoding=\"async\" class=\"alignnone size-medium wp-image-4225\" src=\"http:\/\/www.jour-de-peche.com\/wp-content\/uploads\/2015\/12\/sandres-et-perches-lac-de-montbel-20-500x375.jpg\" alt=\"\" width=\"500\" height=\"375\" \/><\/a><\/p>\n<p style=\"text-align: justify;\">Fabien prendra alors deux sandres du m\u00eame gabarit. Le premier ci-dessous.<\/p>\n<p style=\"text-align: justify;\"><a href=\"http:\/\/www.jour-de-peche.com\/wp-content\/uploads\/2015\/12\/sandres-et-perches-lac-de-montbel-21.jpg\"><img loading=\"lazy\" decoding=\"async\" class=\"alignnone size-medium wp-image-4227\" src=\"http:\/\/www.jour-de-peche.com\/wp-content\/uploads\/2015\/12\/sandres-et-perches-lac-de-montbel-21-500x375.jpg\" alt=\"\" width=\"500\" height=\"375\" \/><\/a><\/p>\n<p style=\"text-align: justify;\">Puis le second&#8230;<\/p>\n<p style=\"text-align: justify;\"><a href=\"http:\/\/www.jour-de-peche.com\/wp-content\/uploads\/2015\/12\/sandres-et-perches-lac-de-montbel-22.jpg\"><img loading=\"lazy\" decoding=\"async\" class=\"alignnone size-medium wp-image-4229\" src=\"http:\/\/www.jour-de-peche.com\/wp-content\/uploads\/2015\/12\/sandres-et-perches-lac-de-montbel-22-500x375.jpg\" alt=\"\" width=\"500\" height=\"375\" \/><\/a><\/p>\n<p style=\"text-align: justify;\">L&#8217;apr\u00e8s-midi passe tr\u00e8s vite en hiver, il se fait tard et j&#8217;h\u00e9site \u00e0 mettre les voiles vers les postes de p\u00eache du matin. Je suis pr\u00eat \u00e0 d\u00e9camper des lieux, mais un nouvel \u00e9cho vraiment int\u00e9ressant m&#8217;ordonne de demander aux gars de descendre leur ligne. Quelques secondes plus tard, Ga\u00ebtan ferre un poisson. Il pense \u00eatre pris au fond, je vois de suite sur son scion que c&#8217;est bien un poisson et je le lui dis, sans quoi il m&#8217;aurait passer la canne pour que je le d\u00e9croche d&#8217;une souche&#8230; une souche en forme de sandre. \ud83d\ude42<\/p>\n<p style=\"text-align: justify;\"><a href=\"http:\/\/www.jour-de-peche.com\/wp-content\/uploads\/2015\/12\/sandres-et-perches-lac-de-montbel-23.jpg\"><img loading=\"lazy\" decoding=\"async\" class=\"alignnone size-medium wp-image-4231\" src=\"http:\/\/www.jour-de-peche.com\/wp-content\/uploads\/2015\/12\/sandres-et-perches-lac-de-montbel-23-500x375.jpg\" alt=\"\" width=\"500\" height=\"375\" \/><\/a><\/p>\n<p style=\"text-align: justify;\">Alors qu&#8217;il nous reste peu de temps avant la nuit, nous filons sur un poste du matin, o\u00f9 tr\u00e8s vite l&#8217;absence de touche m&#8217;\u00e9tonne. Je dis \u00e0 Fabien et Ga\u00ebtan que \u00e7a me semble bizarre, qu&#8217;il y a peut-\u00eatre un gros poisson. On se d\u00e9cale de plusieurs dizaines de m\u00e8tres sur un poste similaire, et m\u00eame sch\u00e9ma&#8230; pas de touche. A la tomb\u00e9e de la nuit, en ce moment, \u00e7a doit piquer illico sur ce genre de poste. Mais rien non plus, et tout \u00e0 coup, grosse grosse touche pour Fabien. Y&#8217;avait bien un gros poisson dans le coin! Tr\u00e8s gros.<\/p>\n<p style=\"text-align: justify;\"><a href=\"http:\/\/www.jour-de-peche.com\/wp-content\/uploads\/2015\/12\/sandres-et-perches-lac-de-montbel-25.jpg\"><img loading=\"lazy\" decoding=\"async\" class=\"alignnone wp-image-4235 size-thumbnail\" src=\"http:\/\/www.jour-de-peche.com\/wp-content\/uploads\/2015\/12\/sandres-et-perches-lac-de-montbel-25-300x225.jpg\" alt=\"\" width=\"300\" height=\"225\" \/><\/a><a href=\"http:\/\/www.jour-de-peche.com\/wp-content\/uploads\/2015\/12\/sandres-et-perches-lac-de-montbel-26.jpg\"><img loading=\"lazy\" decoding=\"async\" class=\"alignnone wp-image-4237 size-thumbnail\" src=\"http:\/\/www.jour-de-peche.com\/wp-content\/uploads\/2015\/12\/sandres-et-perches-lac-de-montbel-26-300x225.jpg\" alt=\"\" width=\"300\" height=\"225\" \/><\/a><\/p>\n<p style=\"text-align: justify;\"><a href=\"http:\/\/www.jour-de-peche.com\/wp-content\/uploads\/2015\/12\/sandres-et-perches-lac-de-montbel-27.jpg\"><img loading=\"lazy\" decoding=\"async\" class=\"alignnone wp-image-4239\" src=\"http:\/\/www.jour-de-peche.com\/wp-content\/uploads\/2015\/12\/sandres-et-perches-lac-de-montbel-27-281x375.jpg\" alt=\"\" width=\"169\" height=\"225\" \/><\/a><a href=\"http:\/\/www.jour-de-peche.com\/wp-content\/uploads\/2015\/12\/sandres-et-perches-lac-de-montbel-28.jpg\"><img loading=\"lazy\" decoding=\"async\" class=\"alignnone wp-image-4241\" src=\"http:\/\/www.jour-de-peche.com\/wp-content\/uploads\/2015\/12\/sandres-et-perches-lac-de-montbel-28-281x375.jpg\" alt=\"\" width=\"169\" height=\"225\" \/><\/a><\/p>\n<p style=\"text-align: justify;\">Fabien ne pourra rien faire, impossible de le monter alors que la nuit est en train de tomber. Le poisson se d\u00e9crochera apr\u00e8s plusieurs minutes. L\u00e0 y&#8217;avait bien un gros&#8230; silure.<\/p>\n<p style=\"text-align: justify;\">On ach\u00e8ve ainsi la journ\u00e9e avec 20 poissons. Pas de doute, je vais conserver un excellent souvenir de cette journ\u00e9e avec Fabien et Ga\u00ebtan! Merci \u00e0 vous deux messieurs pour cette super journ\u00e9e de p\u00eache!<\/p>\n<p>[\/vc_column_text][\/vc_column][\/vc_row][vc_row][vc_column width=&#8221;1\/2&#8243;][vc_single_image image=&#8221;9149&#8243; img_size=&#8221;full&#8221; style=&#8221;vc_box_shadow_3d&#8221; onclick=&#8221;custom_link&#8221; img_link_target=&#8221;_blank&#8221; css_animation=&#8221;appear&#8221; link=&#8221;https:\/\/www.facebook.com\/steph.legentilhomme&#8221; title=&#8221;Facebook :&#8221;][vc_facebook][\/vc_column][vc_column width=&#8221;1\/2&#8243; css=&#8221;.vc_custom_1659036664809{padding-top: 30px !important;}&#8221;][vc_btn title=&#8221;Infos guidages&#8221; color=&#8221;violet&#8221; align=&#8221;center&#8221; link=&#8221;url:https%3A%2F%2Fwww.jour-de-peche.com%2F&#8221;][vc_btn title=&#8221;Livre d&#8217;Or&#8221; color=&#8221;warning&#8221; align=&#8221;center&#8221; link=&#8221;url:https%3A%2F%2Fwww.jour-de-peche.com%2Flivre-or-peche-irlande-et-france%2F&#8221;][vc_btn title=&#8221;Ch\u00e8ques-cadeaux guidages&#8221; color=&#8221;sky&#8221; align=&#8221;center&#8221; link=&#8221;url:https%3A%2F%2Fwww.jour-de-peche.com%2Fcheque-cadeau-peche-carnassiers-et-truites%2F&#8221;][\/vc_column][\/vc_row]<\/p>\n<\/div>","protected":false},"excerpt":{"rendered":"<p>[vc_row][vc_column][vc_column_text]Lac de Montbel, guidage p\u00eache aux leurres&#8230; D\u00e9partement de l&#8217;Ari\u00e8ge (09), samedi 5 d\u00e9cembre 2015 Le jour des percid\u00e9s! Sandres, perches&#8230; Avec Fabien et Ga\u00ebtan&#8230; [\/vc_column_text][vc_column_text] 7h15, nous sommes au [&hellip;]<\/p>\n","protected":false},"author":1,"featured_media":4243,"comment_status":"open","ping_status":"open","sticky":false,"template":"","format":"standard","meta":{"_acf_changed":false,"footnotes":""},"categories":[270,185,2],"tags":[97,93,44,12,145,57,96,9,83,98,144,90,92,89],"class_list":["post-4222","post","type-post","status-publish","format-standard","has-post-thumbnail","hentry","category-01-lac-de-montbel-ariege","category-guidagesinitiations-carnassiers-fr-fr-fr","category-tous-les-recits-de-peche-fr","tag-ariege","tag-carnassiers","tag-guidage","tag-guide","tag-guide-de-peche","tag-initiation","tag-lac-de-montbel","tag-peche","tag-peche-aux-leurres","tag-peche-en-lineaire","tag-peche-en-verticale","tag-perche","tag-plomb-palette","tag-sandre"],"acf":[],"_links":{"self":[{"href":"https:\/\/www.jour-de-peche.com\/en\/wp-json\/wp\/v2\/posts\/4222","targetHints":{"allow":["GET"]}}],"collection":[{"href":"https:\/\/www.jour-de-peche.com\/en\/wp-json\/wp\/v2\/posts"}],"about":[{"href":"https:\/\/www.jour-de-peche.com\/en\/wp-json\/wp\/v2\/types\/post"}],"author":[{"embeddable":true,"href":"https:\/\/www.jour-de-peche.com\/en\/wp-json\/wp\/v2\/users\/1"}],"replies":[{"embeddable":true,"href":"https:\/\/www.jour-de-peche.com\/en\/wp-json\/wp\/v2\/comments?post=4222"}],"version-history":[{"count":19,"href":"https:\/\/www.jour-de-peche.com\/en\/wp-json\/wp\/v2\/posts\/4222\/revisions"}],"predecessor-version":[{"id":550766,"href":"https:\/\/www.jour-de-peche.com\/en\/wp-json\/wp\/v2\/posts\/4222\/revisions\/550766"}],"wp:featuredmedia":[{"embeddable":true,"href":"https:\/\/www.jour-de-peche.com\/en\/wp-json\/wp\/v2\/media\/4243"}],"wp:attachment":[{"href":"https:\/\/www.jour-de-peche.com\/en\/wp-json\/wp\/v2\/media?parent=4222"}],"wp:term":[{"taxonomy":"category","embeddable":true,"href":"https:\/\/www.jour-de-peche.com\/en\/wp-json\/wp\/v2\/categories?post=4222"},{"taxonomy":"post_tag","embeddable":true,"href":"https:\/\/www.jour-de-peche.com\/en\/wp-json\/wp\/v2\/tags?post=4222"}],"curies":[{"name":"wp","href":"https:\/\/api.w.org\/{rel}","templated":true}]}}